{"id":1475,"date":"2025-11-27T10:26:03","date_gmt":"2025-11-27T10:26:03","guid":{"rendered":"https:\/\/sembaintheworld.com\/ao\/?p=1475"},"modified":"2026-02-10T09:46:29","modified_gmt":"2026-02-10T09:46:29","slug":"apresentacao-oficial-da-rota-turistica-do-semba-no-cuanza-sul","status":"publish","type":"post","link":"https:\/\/sembaintheworld.com\/ao\/2025\/11\/27\/apresentacao-oficial-da-rota-turistica-do-semba-no-cuanza-sul\/","title":{"rendered":"Apresenta\u00e7\u00e3o oficial da Rota tur\u00edstica do Semba no Cuanza Sul"},"content":{"rendered":"\t\t<div data-elementor-type=\"wp-post\" data-elementor-id=\"1475\" class=\"elementor elementor-1475\">\n\t\t\t\t<div class=\"elementor-element elementor-element-3b4e244f e-flex e-con-boxed wpr-particle-no wpr-jarallax-no wpr-parallax-no wpr-sticky-section-no e-con e-parent\" data-id=\"3b4e244f\" data-element_type=\"container\">\n\t\t\t\t\t<div class=\"e-con-inner\">\n\t\t\t\t<div class=\"elementor-element elementor-element-275be21b elementor-widget elementor-widget-text-editor\" data-id=\"275be21b\" data-element_type=\"widget\" data-widget_type=\"text-editor.default\">\n\t\t\t\t<div class=\"elementor-widget-container\">\n\t\t\t<style>\/*! elementor - v3.23.0 - 10-07-2024 *\/\n.elementor-widget-text-editor.elementor-drop-cap-view-stacked .elementor-drop-cap{background-color:#69727d;color:#fff}.elementor-widget-text-editor.elementor-drop-cap-view-framed .elementor-drop-cap{color:#69727d;border:3px solid;background-color:transparent}.elementor-widget-text-editor:not(.elementor-drop-cap-view-default) .elementor-drop-cap{margin-top:8px}.elementor-widget-text-editor:not(.elementor-drop-cap-view-default) .elementor-drop-cap-letter{width:1em;height:1em}.elementor-widget-text-editor .elementor-drop-cap{float:left;text-align:center;line-height:1;font-size:50px}.elementor-widget-text-editor .elementor-drop-cap-letter{display:inline-block}<\/style>\t\t\t\t<div class=\"xdj266r x11i5rnm xat24cr x1mh8g0r x1vvkbs x126k92a\"><div dir=\"auto\"><p><span dir=\"auto\">O projecto Semba in the world em parceria com os minist\u00e9rios da cultura, turismo e rela\u00e7\u00f5es internacionais apresenta a Rota Tur\u00edstica do Semba!<\/span><\/p><p><span dir=\"auto\">Este projecto visa e preservar o SEMBA e leva ao mundo a verdadeira ess\u00eancia de Angola.\u00a0<\/span><\/p><p><span dir=\"auto\">Com a continuide do projecto, a Rota Tur\u00edstica do Semba avan\u00e7ou para as prov\u00edncias do Cuanza Norte e Cuanza Sul, Constituindo um marco, valoriza\u00e7\u00e3o e internacionaliza\u00e7\u00e3o do turismo cultural Angolano, mostrando que o Semba \u00e9 muito mais do que tradi\u00e7\u00e3o: \u00e9 uni\u00e3o, identidade e turismo sustent\u00e1veis<\/span><\/p><\/div><\/div>\t\t\t\t\t\t<\/div>\n\t\t\t\t<\/div>\n\t\t\t\t<div class=\"elementor-element elementor-element-07d0af8 elementor-widget elementor-widget-image\" data-id=\"07d0af8\" data-element_type=\"widget\" data-widget_type=\"image.default\">\n\t\t\t\t<div class=\"elementor-widget-container\">\n\t\t\t<style>\/*! elementor - v3.23.0 - 10-07-2024 *\/\n.elementor-widget-image{text-align:center}.elementor-widget-image a{display:inline-block}.elementor-widget-image a img[src$=\".svg\"]{width:48px}.elementor-widget-image img{vertical-align:middle;display:inline-block}<\/style>\t\t\t\t\t\t\t\t\t\t<img decoding=\"async\" src=\"https:\/\/sembaintheworld.com\/ao\/wp-content\/uploads\/elementor\/thumbs\/A7406597-rhosigbwqxltkk2xlppsc4a9q96orp4ihdnr0azmt4.png\" title=\"A7406597\" alt=\"A7406597\" loading=\"lazy\" \/>\t\t\t\t\t\t\t\t\t\t\t\t\t<\/div>\n\t\t\t\t<\/div>\n\t\t\t\t<div class=\"elementor-element elementor-element-5f03b67e elementor-widget elementor-widget-text-editor\" data-id=\"5f03b67e\" data-element_type=\"widget\" data-widget_type=\"text-editor.default\">\n\t\t\t\t<div class=\"elementor-widget-container\">\n\t\t\t\t\t\t\t<div><div dir=\"auto\"><p><span dir=\"auto\">Rota Tur\u00edstica do Semba apresentada na prov\u00edncia do Cuanza Sul!\u00a0<\/span><br \/><span dir=\"auto\">A Delega\u00e7\u00e3o do Semba in the world foi recebida nos dias 27 &#8211; 30 de Novembro de 2025.<\/span><\/p><p>A Rota Tur\u00edstica do Semba foi oficialmente apresentado \u00e0s autoridades da prov\u00edncia do Cuanza Sul. Um marco que refor\u00e7a o compromisso em valorizar a cultura angolana, apoiar os fazedores locais e posicionar Cuanza Sul como refer\u00eancia de turismo cultural.<\/p><\/div><div dir=\"auto\"><p><span dir=\"auto\">Acompanha um pouco deste momento!<\/span><\/p><\/div><\/div>\t\t\t\t\t\t<\/div>\n\t\t\t\t<\/div>\n\t\t\t\t<div class=\"elementor-element elementor-element-5af6e6f elementor-widget elementor-widget-image\" data-id=\"5af6e6f\" data-element_type=\"widget\" data-widget_type=\"image.default\">\n\t\t\t\t<div class=\"elementor-widget-container\">\n\t\t\t\t\t\t\t\t\t\t\t\t\t<img fetchpriority=\"high\" decoding=\"async\" width=\"1024\" height=\"683\" src=\"https:\/\/sembaintheworld.com\/ao\/wp-content\/uploads\/2026\/02\/A7406720-1-1024x683.png\" class=\"attachment-large size-large wp-image-1513\" alt=\"\" srcset=\"https:\/\/sembaintheworld.com\/ao\/wp-content\/uploads\/2026\/02\/A7406720-1-1024x683.png 1024w, https:\/\/sembaintheworld.com\/ao\/wp-content\/uploads\/2026\/02\/A7406720-1-300x200.png 300w, https:\/\/sembaintheworld.com\/ao\/wp-content\/uploads\/2026\/02\/A7406720-1-768x512.png 768w, https:\/\/sembaintheworld.com\/ao\/wp-content\/uploads\/2026\/02\/A7406720-1-1536x1024.png 1536w, https:\/\/sembaintheworld.com\/ao\/wp-content\/uploads\/2026\/02\/A7406720-1-200x133.png 200w, https:\/\/sembaintheworld.com\/ao\/wp-content\/uploads\/2026\/02\/A7406720-1.png 2048w\" sizes=\"(max-width: 1024px) 100vw, 1024px\" \/>\t\t\t\t\t\t\t\t\t\t\t\t\t<\/div>\n\t\t\t\t<\/div>\n\t\t\t\t<div class=\"elementor-element elementor-element-dc28a09 elementor-widget elementor-widget-text-editor\" data-id=\"dc28a09\" data-element_type=\"widget\" data-widget_type=\"text-editor.default\">\n\t\t\t\t<div class=\"elementor-widget-container\">\n\t\t\t\t\t\t\t<div dir=\"auto\"><p data-start=\"250\" data-end=\"321\"><span style=\"font-size: 17.7388px; font-family: Repo;\">\u00a0NOTA DE IMPRENSA<\/span><\/p><p style=\"color: #a1a1aa; font-family: Montserrat, sans-serif; font-size: 16px;\"><span style=\"white-space-collapse: preserve;\">Cuanza Sul integra a Rota Tur\u00edstica do Semba!<\/span><\/p><h3 data-start=\"250\" data-end=\"321\"><span style=\"color: #a1a1aa; font-size: 16px;\">Foi oficialmente apresentada a <\/span><span style=\"color: #a1a1aa; font-size: 16px;\" data-start=\"381\" data-end=\"424\">Rota Tur\u00edstica do Semba no Cuanza Sul.\u00a0<\/span><span style=\"color: #a1a1aa; font-size: 16px;\">um projecto cultural e tur\u00edstico de valoriza\u00e7\u00e3o do semba enquanto patrim\u00f3nio imaterial angolano e express\u00e3o identit\u00e1ria do povo angolano.<\/span><\/h3><p data-start=\"565\" data-end=\"847\">A iniciativa tem como principal objectivo promover o turismo cultural na prov\u00edncia do Cuanza SUl, destacando o semba como elemento central da hist\u00f3ria, da m\u00fasica e das tradi\u00e7\u00f5es locais, ao mesmo tempo que contribui para o desenvolvimento socioecon\u00f3mico das comunidades envolvidas.<\/p><p data-start=\"849\" data-end=\"1126\">A Rota Tur\u00edstica do Semba prop\u00f5e um percurso que integra espa\u00e7os hist\u00f3ricos, manifesta\u00e7\u00f5es culturais, actividades art\u00edsticas e viv\u00eancias comunit\u00e1rias, proporcionando aos visitantes uma experi\u00eancia aut\u00eantica e educativa sobre a origem, evolu\u00e7\u00e3o e import\u00e2ncia do semba em Angola e no mundo.<\/p><p data-start=\"849\" data-end=\"1126\">Durante a apresenta\u00e7\u00e3o, os promotores do projecto destacaram a import\u00e2ncia de preservar e internacionalizar o semba, reconhecido como um dos maiores s\u00edmbolos da cultura angolana, refor\u00e7ando o seu papel como instrumento de coes\u00e3o social, identidade nacional e atractividade tur\u00edstica.<\/p><\/div>\t\t\t\t\t\t<\/div>\n\t\t\t\t<\/div>\n\t\t\t\t\t<\/div>\n\t\t\t\t<\/div>\n\t\t\t\t<\/div>\n\t\t","protected":false},"excerpt":{"rendered":"<p>O projecto Semba in the world em parceria com os minist\u00e9rios da cultura, turismo e rela\u00e7\u00f5es internacionais apresenta a Rota Tur\u00edstica do Semba! Este projecto visa e preservar o SEMBA e leva ao mundo a verdadeira ess\u00eancia de Angola.\u00a0 Com a continuide do projecto, a Rota Tur\u00edstica do Semba avan\u00e7ou para as prov\u00edncias do Cuanza Norte e Cuanza Sul, Constituindo um marco, valoriza\u00e7\u00e3o e internacionaliza\u00e7\u00e3o do turismo cultural Angolano, mostrando que o Semba \u00e9 muito mais do que tradi\u00e7\u00e3o: \u00e9 uni\u00e3o, identidade e turismo sustent\u00e1veis Rota Tur\u00edstica do Semba apresentada na prov\u00edncia do Cuanza Sul!\u00a0A Delega\u00e7\u00e3o do Semba in the world foi recebida nos dias 27 &#8211; 30 de Novembro de 2025. A Rota Tur\u00edstica do Semba foi oficialmente apresentado \u00e0s autoridades da prov\u00edncia do Cuanza Sul. Um marco que refor\u00e7a o compromisso em valorizar a cultura angolana, apoiar os fazedores locais e posicionar Cuanza Sul como refer\u00eancia de turismo cultural. Acompanha um pouco deste momento! \u00a0NOTA DE IMPRENSA Cuanza Sul integra a Rota Tur\u00edstica do Semba! Foi oficialmente apresentada a Rota Tur\u00edstica do Semba no Cuanza Sul.\u00a0um projecto cultural e tur\u00edstico de valoriza\u00e7\u00e3o do semba enquanto patrim\u00f3nio imaterial angolano e express\u00e3o identit\u00e1ria do povo angolano. A iniciativa tem como principal objectivo promover o turismo cultural na prov\u00edncia do Cuanza SUl, destacando o semba como elemento central da hist\u00f3ria, da m\u00fasica e das tradi\u00e7\u00f5es locais, ao mesmo tempo que contribui para o desenvolvimento socioecon\u00f3mico das comunidades envolvidas. A Rota Tur\u00edstica do Semba prop\u00f5e um percurso que integra espa\u00e7os hist\u00f3ricos, manifesta\u00e7\u00f5es culturais, actividades art\u00edsticas e viv\u00eancias comunit\u00e1rias, proporcionando aos visitantes uma experi\u00eancia aut\u00eantica e educativa sobre a origem, evolu\u00e7\u00e3o e import\u00e2ncia do semba em Angola e no mundo. Durante a apresenta\u00e7\u00e3o, os promotores do projecto destacaram a import\u00e2ncia de preservar e internacionalizar o semba, reconhecido como um dos maiores s\u00edmbolos da cultura angolana, refor\u00e7ando o seu papel como instrumento de coes\u00e3o social, identidade nacional e atractividade tur\u00edstica.<\/p>\n","protected":false},"author":1,"featured_media":0,"comment_status":"open","ping_status":"open","sticky":false,"template":"","format":"standard","meta":{"footnotes":""},"categories":[26],"tags":[],"class_list":["post-1475","post","type-post","status-publish","format-standard","hentry","category-destaques"],"_links":{"self":[{"href":"https:\/\/sembaintheworld.com\/ao\/wp-json\/wp\/v2\/posts\/1475","targetHints":{"allow":["GET"]}}],"collection":[{"href":"https:\/\/sembaintheworld.com\/ao\/wp-json\/wp\/v2\/posts"}],"about":[{"href":"https:\/\/sembaintheworld.com\/ao\/wp-json\/wp\/v2\/types\/post"}],"author":[{"embeddable":true,"href":"https:\/\/sembaintheworld.com\/ao\/wp-json\/wp\/v2\/users\/1"}],"replies":[{"embeddable":true,"href":"https:\/\/sembaintheworld.com\/ao\/wp-json\/wp\/v2\/comments?post=1475"}],"version-history":[{"count":7,"href":"https:\/\/sembaintheworld.com\/ao\/wp-json\/wp\/v2\/posts\/1475\/revisions"}],"predecessor-version":[{"id":1516,"href":"https:\/\/sembaintheworld.com\/ao\/wp-json\/wp\/v2\/posts\/1475\/revisions\/1516"}],"wp:attachment":[{"href":"https:\/\/sembaintheworld.com\/ao\/wp-json\/wp\/v2\/media?parent=1475"}],"wp:term":[{"taxonomy":"category","embeddable":true,"href":"https:\/\/sembaintheworld.com\/ao\/wp-json\/wp\/v2\/categories?post=1475"},{"taxonomy":"post_tag","embeddable":true,"href":"https:\/\/sembaintheworld.com\/ao\/wp-json\/wp\/v2\/tags?post=1475"}],"curies":[{"name":"wp","href":"https:\/\/api.w.org\/{rel}","templated":true}]}}