{"id":1419,"date":"2026-01-08T13:47:34","date_gmt":"2026-01-08T13:47:34","guid":{"rendered":"https:\/\/sembaintheworld.com\/ao\/?p=1419"},"modified":"2026-01-08T13:47:34","modified_gmt":"2026-01-08T13:47:34","slug":"apresentacao-oficial-da-rota-turistica-do-semba-em-namibe","status":"publish","type":"post","link":"https:\/\/sembaintheworld.com\/ao\/2026\/01\/08\/apresentacao-oficial-da-rota-turistica-do-semba-em-namibe\/","title":{"rendered":"Apresenta\u00e7\u00e3o oficial da Rota tur\u00edstica do Semba em Namibe"},"content":{"rendered":"\t\t<div data-elementor-type=\"wp-post\" data-elementor-id=\"1419\" class=\"elementor elementor-1419\">\n\t\t\t\t<div class=\"elementor-element elementor-element-3b4e244f e-flex e-con-boxed wpr-particle-no wpr-jarallax-no wpr-parallax-no wpr-sticky-section-no e-con e-parent\" data-id=\"3b4e244f\" data-element_type=\"container\">\n\t\t\t\t\t<div class=\"e-con-inner\">\n\t\t\t\t<div class=\"elementor-element elementor-element-275be21b elementor-widget elementor-widget-text-editor\" data-id=\"275be21b\" data-element_type=\"widget\" data-widget_type=\"text-editor.default\">\n\t\t\t\t<div class=\"elementor-widget-container\">\n\t\t\t<style>\/*! elementor - v3.23.0 - 10-07-2024 *\/\n.elementor-widget-text-editor.elementor-drop-cap-view-stacked .elementor-drop-cap{background-color:#69727d;color:#fff}.elementor-widget-text-editor.elementor-drop-cap-view-framed .elementor-drop-cap{color:#69727d;border:3px solid;background-color:transparent}.elementor-widget-text-editor:not(.elementor-drop-cap-view-default) .elementor-drop-cap{margin-top:8px}.elementor-widget-text-editor:not(.elementor-drop-cap-view-default) .elementor-drop-cap-letter{width:1em;height:1em}.elementor-widget-text-editor .elementor-drop-cap{float:left;text-align:center;line-height:1;font-size:50px}.elementor-widget-text-editor .elementor-drop-cap-letter{display:inline-block}<\/style>\t\t\t\t<div class=\"xdj266r x11i5rnm xat24cr x1mh8g0r x1vvkbs x126k92a\"><div dir=\"auto\"><p><span dir=\"auto\">O projecto Semba in the world em parceria com os minist\u00e9rios da cultura, turismo e rela\u00e7\u00f5es internacionais apresenta a Rota Tur\u00edstica do Semba!<\/span><\/p><p><span dir=\"auto\">Este projecto visa e preservar o SEMBA e leva ao mundo a verdadeira ess\u00eancia de Angola.\u00a0<\/span><\/p><p><span dir=\"auto\">A primeira fase arranca nas prov\u00edncias de Benguela, Hu\u00edla e Namibe. Constituindo um marco, valoriza\u00e7\u00e3o e internacionaliza\u00e7\u00e3o do turismo cultural Angolano, mostrando que o Semba \u00e9 muito mais do que tradi\u00e7\u00e3o: \u00e9 uni\u00e3o, identidade e turismo sustent\u00e1veis<\/span><\/p><p><span dir=\"auto\">\u00c9 de sublinhara que esta rota \u00e9 um marco para a valoriza\u00e7\u00e3o e internacionaliza\u00e7\u00e3o do nosso patrim\u00f3nio cultural.<\/span><\/p><\/div><\/div>\t\t\t\t\t\t<\/div>\n\t\t\t\t<\/div>\n\t\t\t\t<div class=\"elementor-element elementor-element-07d0af8 elementor-widget elementor-widget-image\" data-id=\"07d0af8\" data-element_type=\"widget\" data-widget_type=\"image.default\">\n\t\t\t\t<div class=\"elementor-widget-container\">\n\t\t\t<style>\/*! elementor - v3.23.0 - 10-07-2024 *\/\n.elementor-widget-image{text-align:center}.elementor-widget-image a{display:inline-block}.elementor-widget-image a img[src$=\".svg\"]{width:48px}.elementor-widget-image img{vertical-align:middle;display:inline-block}<\/style>\t\t\t\t\t\t\t\t\t\t<img fetchpriority=\"high\" decoding=\"async\" width=\"1024\" height=\"761\" src=\"https:\/\/sembaintheworld.com\/ao\/wp-content\/uploads\/2025\/11\/Apresentacao-Namibee-1024x761.jpg\" class=\"attachment-large size-large wp-image-1429\" alt=\"\" srcset=\"https:\/\/sembaintheworld.com\/ao\/wp-content\/uploads\/2025\/11\/Apresentacao-Namibee-1024x761.jpg 1024w, https:\/\/sembaintheworld.com\/ao\/wp-content\/uploads\/2025\/11\/Apresentacao-Namibee-300x223.jpg 300w, https:\/\/sembaintheworld.com\/ao\/wp-content\/uploads\/2025\/11\/Apresentacao-Namibee-768x570.jpg 768w, https:\/\/sembaintheworld.com\/ao\/wp-content\/uploads\/2025\/11\/Apresentacao-Namibee-1536x1141.jpg 1536w, https:\/\/sembaintheworld.com\/ao\/wp-content\/uploads\/2025\/11\/Apresentacao-Namibee-200x149.jpg 200w, https:\/\/sembaintheworld.com\/ao\/wp-content\/uploads\/2025\/11\/Apresentacao-Namibee.jpg 2048w\" sizes=\"(max-width: 1024px) 100vw, 1024px\" \/>\t\t\t\t\t\t\t\t\t\t\t\t\t<\/div>\n\t\t\t\t<\/div>\n\t\t\t\t<div class=\"elementor-element elementor-element-5f03b67e elementor-widget elementor-widget-text-editor\" data-id=\"5f03b67e\" data-element_type=\"widget\" data-widget_type=\"text-editor.default\">\n\t\t\t\t<div class=\"elementor-widget-container\">\n\t\t\t\t\t\t\t<div><div dir=\"auto\"><p><span dir=\"auto\">Rota Tur\u00edstica do Semba apresentada na prov\u00edncia do Namibe!\u00a0<\/span><br \/><span dir=\"auto\">A Delega\u00e7\u00e3o do Semba in the world foi recebida no dia 04 de Outubro pela Vice-Governadora para servi\u00e7os t\u00e9cnicos e infraestrutura, Ema da Silva, que manifestou total apoio institucional ao projeto.\u00a0<\/span><\/p><\/div><p>\u00a0A Rota Tur\u00edstica do Semba foi oficialmente apresentado \u00e0s autoridades da prov\u00edncia do Namibe. Um marco que refor\u00e7a o compromisso em valorizar a cultura angolana, apoiar os fazedores locais e posicionar Benguela como refer\u00eancia de turismo cultural.<\/p><div dir=\"auto\"><p><span dir=\"auto\">Acompanha um pouco deste momento!<\/span><\/p><\/div><\/div>\t\t\t\t\t\t<\/div>\n\t\t\t\t<\/div>\n\t\t\t\t<div class=\"elementor-element elementor-element-f98c3ab elementor-widget elementor-widget-video\" data-id=\"f98c3ab\" data-element_type=\"widget\" data-settings=\"{&quot;video_type&quot;:&quot;vimeo&quot;,&quot;loop&quot;:&quot;yes&quot;,&quot;mute&quot;:&quot;yes&quot;}\" data-widget_type=\"video.default\">\n\t\t\t\t<div class=\"elementor-widget-container\">\n\t\t\t<style>\/*! elementor - v3.23.0 - 10-07-2024 *\/\n.elementor-widget-video .elementor-widget-container{overflow:hidden;transform:translateZ(0)}.elementor-widget-video .elementor-wrapper{aspect-ratio:var(--video-aspect-ratio)}.elementor-widget-video .elementor-wrapper iframe,.elementor-widget-video .elementor-wrapper video{height:100%;width:100%;display:flex;border:none;background-color:#000}@supports not (aspect-ratio:1\/1){.elementor-widget-video .elementor-wrapper{position:relative;overflow:hidden;height:0;padding-bottom:calc(100% \/ var(--video-aspect-ratio))}.elementor-widget-video .elementor-wrapper iframe,.elementor-widget-video .elementor-wrapper video{position:absolute;top:0;right:0;bottom:0;left:0}}.elementor-widget-video .elementor-open-inline .elementor-custom-embed-image-overlay{position:absolute;top:0;right:0;bottom:0;left:0;background-size:cover;background-position:50%}.elementor-widget-video .elementor-custom-embed-image-overlay{cursor:pointer;text-align:center}.elementor-widget-video .elementor-custom-embed-image-overlay:hover .elementor-custom-embed-play i{opacity:1}.elementor-widget-video .elementor-custom-embed-image-overlay img{display:block;width:100%;aspect-ratio:var(--video-aspect-ratio);-o-object-fit:cover;object-fit:cover;-o-object-position:center center;object-position:center center}@supports not (aspect-ratio:1\/1){.elementor-widget-video .elementor-custom-embed-image-overlay{position:relative;overflow:hidden;height:0;padding-bottom:calc(100% \/ var(--video-aspect-ratio))}.elementor-widget-video .elementor-custom-embed-image-overlay img{position:absolute;top:0;right:0;bottom:0;left:0}}.elementor-widget-video .e-hosted-video .elementor-video{-o-object-fit:cover;object-fit:cover}.e-con-inner>.elementor-widget-video,.e-con>.elementor-widget-video{width:var(--container-widget-width);--flex-grow:var(--container-widget-flex-grow)}<\/style>\t\t<div class=\"elementor-wrapper elementor-open-inline\">\n\t\t\t<iframe class=\"elementor-video-iframe\" allowfullscreen allow=\"clipboard-write\" title=\"Reprodutor de v\u00eddeo de vimeo\" src=\"https:\/\/player.vimeo.com\/video\/1130269846?color&amp;autopause=0&amp;loop=1&amp;muted=1&amp;title=0&amp;portrait=0&amp;byline=0#t=\"><\/iframe>\t\t<\/div>\n\t\t\t\t<\/div>\n\t\t\t\t<\/div>\n\t\t\t\t<div class=\"elementor-element elementor-element-dc28a09 elementor-widget elementor-widget-text-editor\" data-id=\"dc28a09\" data-element_type=\"widget\" data-widget_type=\"text-editor.default\">\n\t\t\t\t<div class=\"elementor-widget-container\">\n\t\t\t\t\t\t\t<div dir=\"auto\"><p class=\"selectable-text copyable-text x15bjb6t x1n2onr6\"><span class=\"selectable-text copyable-text xkrh14z\" style=\"white-space-collapse: preserve;\">NOTA DE IMPRENSA<\/span><\/p><p class=\"selectable-text copyable-text x15bjb6t x1n2onr6\"><span class=\"selectable-text copyable-text xkrh14z\" style=\"white-space-collapse: preserve;\">Namibe integra a Rota Tur\u00edstica do Semba<\/span><\/p><p class=\"selectable-text copyable-text x15bjb6t x1n2onr6\"><span class=\"selectable-text copyable-text xkrh14z\" style=\"white-space-collapse: preserve;\">O Projecto Semba in the World foi oficialmente apresentado \u00e0s autoridades da prov\u00edncia do Namibe, num acto de elevado significado cultural e institucional.<\/span><\/p><p class=\"selectable-text copyable-text x15bjb6t x1n2onr6\"><span class=\"selectable-text copyable-text xkrh14z\" style=\"white-space-collapse: preserve;\">A apresenta\u00e7\u00e3o decorreu perante vice-Governadora para os servi\u00e7os t\u00e9cnicos e infraestrutura, o Director Provincial da Cultura, bem como fazedores de cultura, artistas locais e agentes tur\u00edsticos, que manifestaram entusiasmo e total disponibilidade para a integra\u00e7\u00e3o da prov\u00edncia na Rota Tur\u00edstica do Semba.<\/span><\/p><p class=\"selectable-text copyable-text x15bjb6t x1n2onr6\"><span class=\"selectable-text copyable-text xkrh14z\" style=\"white-space-collapse: preserve;\">Este passo representa n\u00e3o apenas a valoriza\u00e7\u00e3o da m\u00fasica e da dan\u00e7a tradicional, mas tamb\u00e9m a abertura de novas oportunidades para os artistas locais, para a juventude e para o fortalecimento do turismo cultural. O Semba, alma da nossa identidade, \u00e9 aqui reconhecido como elo entre gera\u00e7\u00f5es e instrumento de afirma\u00e7\u00e3o de Angola no mundo.<\/span><\/p><p class=\"selectable-text copyable-text x15bjb6t x1n2onr6\"><span class=\"selectable-text copyable-text xkrh14z\" style=\"white-space-collapse: preserve;\">A cerim\u00f3nia de apresenta\u00e7\u00e3o realizou-se no Governo Provincial do Namibe, simbolizando a entrada oficial da prov\u00edncia na Rota Tur\u00edstica do Semba. Com as suas paisagens deslumbrantes, o mar e o deserto que se encontram, e a hospitalidade do seu povo, o Namibe afirma-se como novo palco para a celebra\u00e7\u00e3o do Semba \u2013 m\u00fasica que traduz a ess\u00eancia da cultura angolana.<\/span><\/p><p class=\"selectable-text copyable-text x15bjb6t x1n2onr6\"><span class=\"selectable-text copyable-text xkrh14z\" style=\"white-space-collapse: preserve;\">A integra\u00e7\u00e3o do Namibe nesta rota cultural e tur\u00edstica permitir\u00e1 promover os artistas locais, valorizar a produ\u00e7\u00e3o artesanal de instrumentos musicais, incentivar a cria\u00e7\u00e3o de cooperativas culturais e abrir novas vias de desenvolvimento econ\u00f3mico e social.<\/span><\/p><p class=\"selectable-text copyable-text x15bjb6t x1n2onr6\"><span class=\"selectable-text copyable-text xkrh14z\" style=\"white-space-collapse: preserve;\">O Semba in the World nasce do desejo profundo de mostrar Angola ao mundo e, ao mesmo tempo, de revelar ao mundo a verdadeira ess\u00eancia de Angola.<\/span><\/p><\/div>\t\t\t\t\t\t<\/div>\n\t\t\t\t<\/div>\n\t\t\t\t\t<\/div>\n\t\t\t\t<\/div>\n\t\t<div class=\"elementor-element elementor-element-5b54c710 e-flex e-con-boxed wpr-particle-no wpr-jarallax-no wpr-parallax-no wpr-sticky-section-no e-con e-parent\" data-id=\"5b54c710\" data-element_type=\"container\">\n\t\t\t\t\t<div class=\"e-con-inner\">\n\t\t\t\t\t<\/div>\n\t\t\t\t<\/div>\n\t\t\t\t<\/div>\n\t\t","protected":false},"excerpt":{"rendered":"<p>O projecto Semba in the world em parceria com os minist\u00e9rios da cultura, turismo e rela\u00e7\u00f5es internacionais apresenta a Rota Tur\u00edstica do Semba! Este projecto visa e preservar o SEMBA e leva ao mundo a verdadeira ess\u00eancia de Angola.\u00a0 A primeira fase arranca nas prov\u00edncias de Benguela, Hu\u00edla e Namibe. Constituindo um marco, valoriza\u00e7\u00e3o e internacionaliza\u00e7\u00e3o do turismo cultural Angolano, mostrando que o Semba \u00e9 muito mais do que tradi\u00e7\u00e3o: \u00e9 uni\u00e3o, identidade e turismo sustent\u00e1veis \u00c9 de sublinhara que esta rota \u00e9 um marco para a valoriza\u00e7\u00e3o e internacionaliza\u00e7\u00e3o do nosso patrim\u00f3nio cultural. Rota Tur\u00edstica do Semba apresentada na prov\u00edncia do Namibe!\u00a0A Delega\u00e7\u00e3o do Semba in the world foi recebida no dia 04 de Outubro pela Vice-Governadora para servi\u00e7os t\u00e9cnicos e infraestrutura, Ema da Silva, que manifestou total apoio institucional ao projeto.\u00a0 \u00a0A Rota Tur\u00edstica do Semba foi oficialmente apresentado \u00e0s autoridades da prov\u00edncia do Namibe. Um marco que refor\u00e7a o compromisso em valorizar a cultura angolana, apoiar os fazedores locais e posicionar Benguela como refer\u00eancia de turismo cultural. Acompanha um pouco deste momento! https:\/\/vimeo.com\/1130269846?share=copy&#038;fl=sv&#038;fe=ci NOTA DE IMPRENSA Namibe integra a Rota Tur\u00edstica do Semba O Projecto Semba in the World foi oficialmente apresentado \u00e0s autoridades da prov\u00edncia do Namibe, num acto de elevado significado cultural e institucional. A apresenta\u00e7\u00e3o decorreu perante vice-Governadora para os servi\u00e7os t\u00e9cnicos e infraestrutura, o Director Provincial da Cultura, bem como fazedores de cultura, artistas locais e agentes tur\u00edsticos, que manifestaram entusiasmo e total disponibilidade para a integra\u00e7\u00e3o da prov\u00edncia na Rota Tur\u00edstica do Semba. Este passo representa n\u00e3o apenas a valoriza\u00e7\u00e3o da m\u00fasica e da dan\u00e7a tradicional, mas tamb\u00e9m a abertura de novas oportunidades para os artistas locais, para a juventude e para o fortalecimento do turismo cultural. O Semba, alma da nossa identidade, \u00e9 aqui reconhecido como elo entre gera\u00e7\u00f5es e instrumento de afirma\u00e7\u00e3o de Angola no mundo. A cerim\u00f3nia de apresenta\u00e7\u00e3o realizou-se no Governo Provincial do Namibe, simbolizando a entrada oficial da prov\u00edncia na Rota Tur\u00edstica do Semba. Com as suas paisagens deslumbrantes, o mar e o deserto que se encontram, e a hospitalidade do seu povo, o Namibe afirma-se como novo palco para a celebra\u00e7\u00e3o do Semba \u2013 m\u00fasica que traduz a ess\u00eancia da cultura angolana. A integra\u00e7\u00e3o do Namibe nesta rota cultural e tur\u00edstica permitir\u00e1 promover os artistas locais, valorizar a produ\u00e7\u00e3o artesanal de instrumentos musicais, incentivar a cria\u00e7\u00e3o de cooperativas culturais e abrir novas vias de desenvolvimento econ\u00f3mico e social. O Semba in the World nasce do desejo profundo de mostrar Angola ao mundo e, ao mesmo tempo, de revelar ao mundo a verdadeira ess\u00eancia de Angola.<\/p>\n","protected":false},"author":1,"featured_media":0,"comment_status":"open","ping_status":"open","sticky":false,"template":"","format":"standard","meta":{"footnotes":""},"categories":[26],"tags":[],"class_list":["post-1419","post","type-post","status-publish","format-standard","hentry","category-destaques"],"_links":{"self":[{"href":"https:\/\/sembaintheworld.com\/ao\/wp-json\/wp\/v2\/posts\/1419","targetHints":{"allow":["GET"]}}],"collection":[{"href":"https:\/\/sembaintheworld.com\/ao\/wp-json\/wp\/v2\/posts"}],"about":[{"href":"https:\/\/sembaintheworld.com\/ao\/wp-json\/wp\/v2\/types\/post"}],"author":[{"embeddable":true,"href":"https:\/\/sembaintheworld.com\/ao\/wp-json\/wp\/v2\/users\/1"}],"replies":[{"embeddable":true,"href":"https:\/\/sembaintheworld.com\/ao\/wp-json\/wp\/v2\/comments?post=1419"}],"version-history":[{"count":4,"href":"https:\/\/sembaintheworld.com\/ao\/wp-json\/wp\/v2\/posts\/1419\/revisions"}],"predecessor-version":[{"id":1432,"href":"https:\/\/sembaintheworld.com\/ao\/wp-json\/wp\/v2\/posts\/1419\/revisions\/1432"}],"wp:attachment":[{"href":"https:\/\/sembaintheworld.com\/ao\/wp-json\/wp\/v2\/media?parent=1419"}],"wp:term":[{"taxonomy":"category","embeddable":true,"href":"https:\/\/sembaintheworld.com\/ao\/wp-json\/wp\/v2\/categories?post=1419"},{"taxonomy":"post_tag","embeddable":true,"href":"https:\/\/sembaintheworld.com\/ao\/wp-json\/wp\/v2\/tags?post=1419"}],"curies":[{"name":"wp","href":"https:\/\/api.w.org\/{rel}","templated":true}]}}