{"id":1411,"date":"2026-01-08T13:47:54","date_gmt":"2026-01-08T13:47:54","guid":{"rendered":"https:\/\/sembaintheworld.com\/ao\/?p=1411"},"modified":"2026-01-08T13:47:54","modified_gmt":"2026-01-08T13:47:54","slug":"apresentacao-oficial-da-rota-turistica-do-semba-na-huila","status":"publish","type":"post","link":"https:\/\/sembaintheworld.com\/ao\/2026\/01\/08\/apresentacao-oficial-da-rota-turistica-do-semba-na-huila\/","title":{"rendered":"Apresenta\u00e7\u00e3o oficial da Rota tur\u00edstica do Semba na Hu\u00edla"},"content":{"rendered":"\t\t<div data-elementor-type=\"wp-post\" data-elementor-id=\"1411\" class=\"elementor elementor-1411\">\n\t\t\t\t<div class=\"elementor-element elementor-element-d62b078 e-flex e-con-boxed wpr-particle-no wpr-jarallax-no wpr-parallax-no wpr-sticky-section-no e-con e-parent\" data-id=\"d62b078\" data-element_type=\"container\">\n\t\t\t\t\t<div class=\"e-con-inner\">\n\t\t\t\t<div class=\"elementor-element elementor-element-5df81e9 elementor-widget elementor-widget-image\" data-id=\"5df81e9\" data-element_type=\"widget\" data-widget_type=\"image.default\">\n\t\t\t\t<div class=\"elementor-widget-container\">\n\t\t\t<style>\/*! elementor - v3.23.0 - 10-07-2024 *\/\n.elementor-widget-image{text-align:center}.elementor-widget-image a{display:inline-block}.elementor-widget-image a img[src$=\".svg\"]{width:48px}.elementor-widget-image img{vertical-align:middle;display:inline-block}<\/style>\t\t\t\t\t\t\t\t\t\t<img fetchpriority=\"high\" decoding=\"async\" width=\"1024\" height=\"662\" src=\"https:\/\/sembaintheworld.com\/ao\/wp-content\/uploads\/2025\/11\/WhatsApp-Image-2025-11-05-at-12.43.13-PM-1024x662.jpeg\" class=\"attachment-large size-large wp-image-1423\" alt=\"\" srcset=\"https:\/\/sembaintheworld.com\/ao\/wp-content\/uploads\/2025\/11\/WhatsApp-Image-2025-11-05-at-12.43.13-PM-1024x662.jpeg 1024w, https:\/\/sembaintheworld.com\/ao\/wp-content\/uploads\/2025\/11\/WhatsApp-Image-2025-11-05-at-12.43.13-PM-300x194.jpeg 300w, https:\/\/sembaintheworld.com\/ao\/wp-content\/uploads\/2025\/11\/WhatsApp-Image-2025-11-05-at-12.43.13-PM-768x497.jpeg 768w, https:\/\/sembaintheworld.com\/ao\/wp-content\/uploads\/2025\/11\/WhatsApp-Image-2025-11-05-at-12.43.13-PM-200x129.jpeg 200w, https:\/\/sembaintheworld.com\/ao\/wp-content\/uploads\/2025\/11\/WhatsApp-Image-2025-11-05-at-12.43.13-PM.jpeg 1280w\" sizes=\"(max-width: 1024px) 100vw, 1024px\" \/>\t\t\t\t\t\t\t\t\t\t\t\t\t<\/div>\n\t\t\t\t<\/div>\n\t\t\t\t<div class=\"elementor-element elementor-element-2140c83 elementor-widget elementor-widget-text-editor\" data-id=\"2140c83\" data-element_type=\"widget\" data-widget_type=\"text-editor.default\">\n\t\t\t\t<div class=\"elementor-widget-container\">\n\t\t\t<style>\/*! elementor - v3.23.0 - 10-07-2024 *\/\n.elementor-widget-text-editor.elementor-drop-cap-view-stacked .elementor-drop-cap{background-color:#69727d;color:#fff}.elementor-widget-text-editor.elementor-drop-cap-view-framed .elementor-drop-cap{color:#69727d;border:3px solid;background-color:transparent}.elementor-widget-text-editor:not(.elementor-drop-cap-view-default) .elementor-drop-cap{margin-top:8px}.elementor-widget-text-editor:not(.elementor-drop-cap-view-default) .elementor-drop-cap-letter{width:1em;height:1em}.elementor-widget-text-editor .elementor-drop-cap{float:left;text-align:center;line-height:1;font-size:50px}.elementor-widget-text-editor .elementor-drop-cap-letter{display:inline-block}<\/style>\t\t\t\t<div dir=\"auto\"><p><span dir=\"auto\">Rota Tur\u00edstica do Semba apresentada na Hu\u00edla!\u00a0\u00a0<\/span><\/p><p><span dir=\"auto\">No dia 03 de outubro o a Rota Tur\u00edstica do Semba chegou \u00e0 prov\u00edncia da Hu\u00edla, num momento marcante de valoriza\u00e7\u00e3o da cultura angolana.<\/span><br \/><span dir=\"auto\">Com a presen\u00e7a do Governador Provincial, do Diretor da Cultura e de diversos fazedores de arte e turismo, este passo refor\u00e7a o papel do Semba como s\u00edmbolo da nossa identidade e motor de desenvolvimento cultural, social e econ\u00f3mico.<\/span><\/p><p><span dir=\"auto\">A Hu\u00edla, com as suas paisagens \u00fanicas e a hospitalidade do seu povo, junta-se agora a esta grande rota que celebra o que temos de mais aut\u00eantico: a alma angolana expressa no ritmo do Semba.<\/span><\/p><p>Acompanha um pouco deste momento!<\/p><\/div>\t\t\t\t\t\t<\/div>\n\t\t\t\t<\/div>\n\t\t\t\t<div class=\"elementor-element elementor-element-59c3155 elementor-widget elementor-widget-video\" data-id=\"59c3155\" data-element_type=\"widget\" data-settings=\"{&quot;video_type&quot;:&quot;vimeo&quot;,&quot;loop&quot;:&quot;yes&quot;,&quot;mute&quot;:&quot;yes&quot;}\" data-widget_type=\"video.default\">\n\t\t\t\t<div class=\"elementor-widget-container\">\n\t\t\t<style>\/*! elementor - v3.23.0 - 10-07-2024 *\/\n.elementor-widget-video .elementor-widget-container{overflow:hidden;transform:translateZ(0)}.elementor-widget-video .elementor-wrapper{aspect-ratio:var(--video-aspect-ratio)}.elementor-widget-video .elementor-wrapper iframe,.elementor-widget-video .elementor-wrapper video{height:100%;width:100%;display:flex;border:none;background-color:#000}@supports not (aspect-ratio:1\/1){.elementor-widget-video .elementor-wrapper{position:relative;overflow:hidden;height:0;padding-bottom:calc(100% \/ var(--video-aspect-ratio))}.elementor-widget-video .elementor-wrapper iframe,.elementor-widget-video .elementor-wrapper video{position:absolute;top:0;right:0;bottom:0;left:0}}.elementor-widget-video .elementor-open-inline .elementor-custom-embed-image-overlay{position:absolute;top:0;right:0;bottom:0;left:0;background-size:cover;background-position:50%}.elementor-widget-video .elementor-custom-embed-image-overlay{cursor:pointer;text-align:center}.elementor-widget-video .elementor-custom-embed-image-overlay:hover .elementor-custom-embed-play i{opacity:1}.elementor-widget-video .elementor-custom-embed-image-overlay img{display:block;width:100%;aspect-ratio:var(--video-aspect-ratio);-o-object-fit:cover;object-fit:cover;-o-object-position:center center;object-position:center center}@supports not (aspect-ratio:1\/1){.elementor-widget-video .elementor-custom-embed-image-overlay{position:relative;overflow:hidden;height:0;padding-bottom:calc(100% \/ var(--video-aspect-ratio))}.elementor-widget-video .elementor-custom-embed-image-overlay img{position:absolute;top:0;right:0;bottom:0;left:0}}.elementor-widget-video .e-hosted-video .elementor-video{-o-object-fit:cover;object-fit:cover}.e-con-inner>.elementor-widget-video,.e-con>.elementor-widget-video{width:var(--container-widget-width);--flex-grow:var(--container-widget-flex-grow)}<\/style>\t\t<div class=\"elementor-wrapper elementor-open-inline\">\n\t\t\t<iframe class=\"elementor-video-iframe\" allowfullscreen allow=\"clipboard-write\" title=\"Reprodutor de v\u00eddeo de vimeo\" src=\"https:\/\/player.vimeo.com\/video\/1130202593?color&amp;autopause=0&amp;loop=1&amp;muted=1&amp;title=0&amp;portrait=0&amp;byline=0#t=\"><\/iframe>\t\t<\/div>\n\t\t\t\t<\/div>\n\t\t\t\t<\/div>\n\t\t\t\t<div class=\"elementor-element elementor-element-858b871 elementor-widget elementor-widget-text-editor\" data-id=\"858b871\" data-element_type=\"widget\" data-widget_type=\"text-editor.default\">\n\t\t\t\t<div class=\"elementor-widget-container\">\n\t\t\t\t\t\t\t<div dir=\"auto\">\n<p>NOTA DE IMPRENSA<\/p><p><br><\/p><p>Hu\u00edla integra a Rota Tur\u00edstica do Semba<\/p><p><br><\/p><p>O Projecto Semba in the World foi oficialmente apresentado \u00e0s autoridades da prov\u00edncia da Hu\u00edla, num acto de elevado significado cultural e institucional.<\/p><p>A apresenta\u00e7\u00e3o decorreu perante o Governador Provincial, Eng.\u00ba Nuno Barnab\u00e9 Mahapi Dala, o Director Provincial da Cultura, bem como fazedores de cultura e agentes tur\u00edsticos, que manifestaram entusiasmo e total disponibilidade para a integra\u00e7\u00e3o da prov\u00edncia na Rota Tur\u00edstica do Semba.<\/p><p>Este passo representa n\u00e3o apenas a valoriza\u00e7\u00e3o da m\u00fasica e da dan\u00e7a tradicional, mas tamb\u00e9m a abertura de novas oportunidades para os artistas locais, para a juventude e para o fortalecimento do turismo cultural. O Semba, alma da nossa identidade, \u00e9 aqui reconhecido como elo entre gera\u00e7\u00f5es e instrumento de afirma\u00e7\u00e3o de Angola no mundo.<\/p><p>A cerim\u00f3nia de apresenta\u00e7\u00e3o realizou-se no Governo Provincial da Hu\u00edla, simbolizando a entrada oficial da prov\u00edncia na Rota Tur\u00edstica do Semba. Com as suas paisagens e a hospitalidade do seu povo, a Hu\u00edla afirma-se como novo palco para a celebra\u00e7\u00e3o do Semba \u2013 m\u00fasica que traduz a ess\u00eancia da cultura angolana.<\/p><p>A integra\u00e7\u00e3o da Hu\u00edla nesta rota cultural e tur\u00edstica permitir\u00e1 promover os artistas locais, valorizar a produ\u00e7\u00e3o artesanal de instrumentos musicais, incentivar a cria\u00e7\u00e3o de cooperativas culturais e abrir novas vias de desenvolvimento econ\u00f3mico e social.<\/p><p>Fizeram parte da apresenta\u00e7\u00e3o representantes dos Minist\u00e9rios da Cultura, Turismo, Rela\u00e7\u00f5es Exteriores e das Tecnologias de Informa\u00e7\u00e3o e Comunica\u00e7\u00e3o.<\/p><p>O Semba in the World nasce do desejo profundo de mostrar Angola ao mundo e, ao mesmo tempo, de revelar ao mundo a verdadeira ess\u00eancia de Angola.<\/p>\n<\/div>\t\t\t\t\t\t<\/div>\n\t\t\t\t<\/div>\n\t\t\t\t\t<\/div>\n\t\t\t\t<\/div>\n\t\t\t\t<\/div>\n\t\t","protected":false},"excerpt":{"rendered":"<p>Rota Tur\u00edstica do Semba apresentada na Hu\u00edla!\u00a0\u00a0 No dia 03 de outubro o a Rota Tur\u00edstica do Semba chegou \u00e0 prov\u00edncia da Hu\u00edla, num momento marcante de valoriza\u00e7\u00e3o da cultura angolana.Com a presen\u00e7a do Governador Provincial, do Diretor da Cultura e de diversos fazedores de arte e turismo, este passo refor\u00e7a o papel do Semba como s\u00edmbolo da nossa identidade e motor de desenvolvimento cultural, social e econ\u00f3mico. A Hu\u00edla, com as suas paisagens \u00fanicas e a hospitalidade do seu povo, junta-se agora a esta grande rota que celebra o que temos de mais aut\u00eantico: a alma angolana expressa no ritmo do Semba. Acompanha um pouco deste momento! https:\/\/vimeo.com\/1130202593?share=copy&#038;fl=sv&#038;fe=ci NOTA DE IMPRENSA Hu\u00edla integra a Rota Tur\u00edstica do Semba O Projecto Semba in the World foi oficialmente apresentado \u00e0s autoridades da prov\u00edncia da Hu\u00edla, num acto de elevado significado cultural e institucional. A apresenta\u00e7\u00e3o decorreu perante o Governador Provincial, Eng.\u00ba Nuno Barnab\u00e9 Mahapi Dala, o Director Provincial da Cultura, bem como fazedores de cultura e agentes tur\u00edsticos, que manifestaram entusiasmo e total disponibilidade para a integra\u00e7\u00e3o da prov\u00edncia na Rota Tur\u00edstica do Semba. Este passo representa n\u00e3o apenas a valoriza\u00e7\u00e3o da m\u00fasica e da dan\u00e7a tradicional, mas tamb\u00e9m a abertura de novas oportunidades para os artistas locais, para a juventude e para o fortalecimento do turismo cultural. O Semba, alma da nossa identidade, \u00e9 aqui reconhecido como elo entre gera\u00e7\u00f5es e instrumento de afirma\u00e7\u00e3o de Angola no mundo. A cerim\u00f3nia de apresenta\u00e7\u00e3o realizou-se no Governo Provincial da Hu\u00edla, simbolizando a entrada oficial da prov\u00edncia na Rota Tur\u00edstica do Semba. Com as suas paisagens e a hospitalidade do seu povo, a Hu\u00edla afirma-se como novo palco para a celebra\u00e7\u00e3o do Semba \u2013 m\u00fasica que traduz a ess\u00eancia da cultura angolana. A integra\u00e7\u00e3o da Hu\u00edla nesta rota cultural e tur\u00edstica permitir\u00e1 promover os artistas locais, valorizar a produ\u00e7\u00e3o artesanal de instrumentos musicais, incentivar a cria\u00e7\u00e3o de cooperativas culturais e abrir novas vias de desenvolvimento econ\u00f3mico e social. Fizeram parte da apresenta\u00e7\u00e3o representantes dos Minist\u00e9rios da Cultura, Turismo, Rela\u00e7\u00f5es Exteriores e das Tecnologias de Informa\u00e7\u00e3o e Comunica\u00e7\u00e3o. O Semba in the World nasce do desejo profundo de mostrar Angola ao mundo e, ao mesmo tempo, de revelar ao mundo a verdadeira ess\u00eancia de Angola.<\/p>\n","protected":false},"author":1,"featured_media":0,"comment_status":"open","ping_status":"open","sticky":false,"template":"","format":"standard","meta":{"footnotes":""},"categories":[26],"tags":[],"class_list":["post-1411","post","type-post","status-publish","format-standard","hentry","category-destaques"],"_links":{"self":[{"href":"https:\/\/sembaintheworld.com\/ao\/wp-json\/wp\/v2\/posts\/1411","targetHints":{"allow":["GET"]}}],"collection":[{"href":"https:\/\/sembaintheworld.com\/ao\/wp-json\/wp\/v2\/posts"}],"about":[{"href":"https:\/\/sembaintheworld.com\/ao\/wp-json\/wp\/v2\/types\/post"}],"author":[{"embeddable":true,"href":"https:\/\/sembaintheworld.com\/ao\/wp-json\/wp\/v2\/users\/1"}],"replies":[{"embeddable":true,"href":"https:\/\/sembaintheworld.com\/ao\/wp-json\/wp\/v2\/comments?post=1411"}],"version-history":[{"count":8,"href":"https:\/\/sembaintheworld.com\/ao\/wp-json\/wp\/v2\/posts\/1411\/revisions"}],"predecessor-version":[{"id":1505,"href":"https:\/\/sembaintheworld.com\/ao\/wp-json\/wp\/v2\/posts\/1411\/revisions\/1505"}],"wp:attachment":[{"href":"https:\/\/sembaintheworld.com\/ao\/wp-json\/wp\/v2\/media?parent=1411"}],"wp:term":[{"taxonomy":"category","embeddable":true,"href":"https:\/\/sembaintheworld.com\/ao\/wp-json\/wp\/v2\/categories?post=1411"},{"taxonomy":"post_tag","embeddable":true,"href":"https:\/\/sembaintheworld.com\/ao\/wp-json\/wp\/v2\/tags?post=1411"}],"curies":[{"name":"wp","href":"https:\/\/api.w.org\/{rel}","templated":true}]}}